{"id":8918,"date":"2023-02-20T09:16:42","date_gmt":"2023-02-20T07:16:42","guid":{"rendered":"https:\/\/ecorum.fi\/alfred-kordelinin-saatiolle-uudet-tilat-yrjonkadulta-ecorum-toteutti-tilahaun\/"},"modified":"2024-06-18T22:48:15","modified_gmt":"2024-06-18T19:48:15","slug":"alfred-kordelin-foundation-relocates-to-yrjonkatu-in-helsinki-city-centre-ecorum-led-the-project","status":"publish","type":"post","link":"https:\/\/ecorum.fi\/en\/alfred-kordelin-foundation-relocates-to-yrjonkatu-in-helsinki-city-centre-ecorum-led-the-project\/","title":{"rendered":"Alfred Kordelin Foundation relocates to Yrj\u00f6nkatu in Helsinki city centre, Ecorum led the project"},"content":{"rendered":"<p>The Alfred Kordelin Foundation was founded in 1918 to promote and support Finnish science, literature, art and public education. During the last operating year, the total amount of the foundation\u2019s grants and awards was approximately 5.6 million euros.<\/p>\n<p>After a previously completed property transaction, the foundation had moved to temporary premises on T\u00f6\u00f6l\u00f6nkatu and was looking for a permanent office space in Helsinki city centre. As time passed and the effort did not produce fully satisfactory results, Ecorum was assigned to boost the premises search.<\/p>\n<p>As a result, Ecorum soon identified well suited office premises for the foundation at Yrj\u00f6nkatu 16. The historic building, located between Bulevardi and Uudenmaankatu, had already been mostly renovated to meet the needs of modern users. The location was very central, and thus facilitates the foundation\u2019s operations. The historic building was completed in 1897 featuring exceptionally tall rooms and wonderfully decorated stairwells, which make the building architecturally and historically valuable. The foundation will occupy the second floor of the building and the new premises will be ready in April 2023.<\/p>\n","protected":false},"excerpt":{"rendered":"<p>The Alfred Kordelin Foundation was founded in 1918 to promote and support Finnish science, literature, art and public education. During the last operating year, the total amount of the foundation\u2019s grants and awards was approximately 5.6 million euros. After a previously completed property transaction, the foundation had moved to temporary premises on T\u00f6\u00f6l\u00f6nkatu and was [&hellip;]<\/p>\n","protected":false},"author":1,"featured_media":8524,"comment_status":"open","ping_status":"open","sticky":false,"template":"","format":"standard","meta":{"footnotes":"","_links_to":"","_links_to_target":""},"categories":[53,62,48],"tags":[],"acf":[],"yoast_head":"<!-- This site is optimized with the Yoast SEO plugin v23.3 - https:\/\/yoast.com\/wordpress\/plugins\/seo\/ -->\n<title>Alfred Kordelin Foundation relocates to Yrj\u00f6nkatu in Helsinki city centre, Ecorum led the project - Ecorum<\/title>\n<meta name=\"robots\" content=\"index, follow, max-snippet:-1, max-image-preview:large, max-video-preview:-1\" \/>\n<link rel=\"canonical\" href=\"https:\/\/ecorum.fi\/en\/alfred-kordelin-foundation-relocates-to-yrjonkatu-in-helsinki-city-centre-ecorum-led-the-project\/\" \/>\n<meta property=\"og:locale\" content=\"en_US\" \/>\n<meta property=\"og:type\" content=\"article\" \/>\n<meta property=\"og:title\" content=\"Alfred Kordelin Foundation relocates to Yrj\u00f6nkatu in Helsinki city centre, Ecorum led the project - Ecorum\" \/>\n<meta property=\"og:description\" content=\"The Alfred Kordelin Foundation was founded in 1918 to promote and support Finnish science, literature, art and public education. During the last operating year, the total amount of the foundation\u2019s grants and awards was approximately 5.6 million euros. After a previously completed property transaction, the foundation had moved to temporary premises on T\u00f6\u00f6l\u00f6nkatu and was [&hellip;]\" \/>\n<meta property=\"og:url\" content=\"https:\/\/ecorum.fi\/en\/alfred-kordelin-foundation-relocates-to-yrjonkatu-in-helsinki-city-centre-ecorum-led-the-project\/\" \/>\n<meta property=\"og:site_name\" content=\"Ecorum\" \/>\n<meta property=\"article:published_time\" content=\"2023-02-20T07:16:42+00:00\" \/>\n<meta property=\"article:modified_time\" content=\"2024-06-18T19:48:15+00:00\" \/>\n<meta property=\"og:image\" content=\"https:\/\/ecorum.fi\/wp-content\/uploads\/2023\/02\/Diana-5.jpg\" \/>\n\t<meta property=\"og:image:width\" content=\"640\" \/>\n\t<meta property=\"og:image:height\" content=\"427\" \/>\n\t<meta property=\"og:image:type\" content=\"image\/jpeg\" \/>\n<meta name=\"author\" content=\"ecorumadmin1\" \/>\n<meta name=\"twitter:card\" content=\"summary_large_image\" \/>\n<meta name=\"twitter:label1\" content=\"Written by\" \/>\n\t<meta name=\"twitter:data1\" content=\"ecorumadmin1\" \/>\n\t<meta name=\"twitter:label2\" content=\"Est. reading time\" \/>\n\t<meta name=\"twitter:data2\" content=\"2 minutes\" \/>\n<script type=\"application\/ld+json\" class=\"yoast-schema-graph\">{\"@context\":\"https:\/\/schema.org\",\"@graph\":[{\"@type\":\"Article\",\"@id\":\"https:\/\/ecorum.fi\/en\/alfred-kordelin-foundation-relocates-to-yrjonkatu-in-helsinki-city-centre-ecorum-led-the-project\/#article\",\"isPartOf\":{\"@id\":\"https:\/\/ecorum.fi\/en\/alfred-kordelin-foundation-relocates-to-yrjonkatu-in-helsinki-city-centre-ecorum-led-the-project\/\"},\"author\":{\"name\":\"ecorumadmin1\",\"@id\":\"https:\/\/ecorum.fi\/#\/schema\/person\/8ae9b6cb4dabc27b361a700ac8c1689b\"},\"headline\":\"Alfred Kordelin Foundation relocates to Yrj\u00f6nkatu in Helsinki city centre, Ecorum led the project\",\"datePublished\":\"2023-02-20T07:16:42+00:00\",\"dateModified\":\"2024-06-18T19:48:15+00:00\",\"mainEntityOfPage\":{\"@id\":\"https:\/\/ecorum.fi\/en\/alfred-kordelin-foundation-relocates-to-yrjonkatu-in-helsinki-city-centre-ecorum-led-the-project\/\"},\"wordCount\":190,\"commentCount\":0,\"publisher\":{\"@id\":\"https:\/\/ecorum.fi\/#organization\"},\"image\":{\"@id\":\"https:\/\/ecorum.fi\/en\/alfred-kordelin-foundation-relocates-to-yrjonkatu-in-helsinki-city-centre-ecorum-led-the-project\/#primaryimage\"},\"thumbnailUrl\":\"https:\/\/ecorum.fi\/wp-content\/uploads\/2023\/02\/Diana-5.jpg\",\"articleSection\":[\"Ajankohtaista\",\"Leasing services\",\"News\"],\"inLanguage\":\"en-US\",\"potentialAction\":[{\"@type\":\"CommentAction\",\"name\":\"Comment\",\"target\":[\"https:\/\/ecorum.fi\/en\/alfred-kordelin-foundation-relocates-to-yrjonkatu-in-helsinki-city-centre-ecorum-led-the-project\/#respond\"]}]},{\"@type\":\"WebPage\",\"@id\":\"https:\/\/ecorum.fi\/en\/alfred-kordelin-foundation-relocates-to-yrjonkatu-in-helsinki-city-centre-ecorum-led-the-project\/\",\"url\":\"https:\/\/ecorum.fi\/en\/alfred-kordelin-foundation-relocates-to-yrjonkatu-in-helsinki-city-centre-ecorum-led-the-project\/\",\"name\":\"Alfred Kordelin Foundation relocates to Yrj\u00f6nkatu in Helsinki city centre, Ecorum led the project - Ecorum\",\"isPartOf\":{\"@id\":\"https:\/\/ecorum.fi\/#website\"},\"primaryImageOfPage\":{\"@id\":\"https:\/\/ecorum.fi\/en\/alfred-kordelin-foundation-relocates-to-yrjonkatu-in-helsinki-city-centre-ecorum-led-the-project\/#primaryimage\"},\"image\":{\"@id\":\"https:\/\/ecorum.fi\/en\/alfred-kordelin-foundation-relocates-to-yrjonkatu-in-helsinki-city-centre-ecorum-led-the-project\/#primaryimage\"},\"thumbnailUrl\":\"https:\/\/ecorum.fi\/wp-content\/uploads\/2023\/02\/Diana-5.jpg\",\"datePublished\":\"2023-02-20T07:16:42+00:00\",\"dateModified\":\"2024-06-18T19:48:15+00:00\",\"breadcrumb\":{\"@id\":\"https:\/\/ecorum.fi\/en\/alfred-kordelin-foundation-relocates-to-yrjonkatu-in-helsinki-city-centre-ecorum-led-the-project\/#breadcrumb\"},\"inLanguage\":\"en-US\",\"potentialAction\":[{\"@type\":\"ReadAction\",\"target\":[\"https:\/\/ecorum.fi\/en\/alfred-kordelin-foundation-relocates-to-yrjonkatu-in-helsinki-city-centre-ecorum-led-the-project\/\"]}]},{\"@type\":\"ImageObject\",\"inLanguage\":\"en-US\",\"@id\":\"https:\/\/ecorum.fi\/en\/alfred-kordelin-foundation-relocates-to-yrjonkatu-in-helsinki-city-centre-ecorum-led-the-project\/#primaryimage\",\"url\":\"https:\/\/ecorum.fi\/wp-content\/uploads\/2023\/02\/Diana-5.jpg\",\"contentUrl\":\"https:\/\/ecorum.fi\/wp-content\/uploads\/2023\/02\/Diana-5.jpg\",\"width\":640,\"height\":427},{\"@type\":\"BreadcrumbList\",\"@id\":\"https:\/\/ecorum.fi\/en\/alfred-kordelin-foundation-relocates-to-yrjonkatu-in-helsinki-city-centre-ecorum-led-the-project\/#breadcrumb\",\"itemListElement\":[{\"@type\":\"ListItem\",\"position\":1,\"name\":\"Home\",\"item\":\"https:\/\/ecorum.fi\/\"},{\"@type\":\"ListItem\",\"position\":2,\"name\":\"Alfred Kordelin Foundation relocates to Yrj\u00f6nkatu in Helsinki city centre, Ecorum led the project\"}]},{\"@type\":\"WebSite\",\"@id\":\"https:\/\/ecorum.fi\/#website\",\"url\":\"https:\/\/ecorum.fi\/\",\"name\":\"Ecorum\",\"description\":\"Kiinteist&ouml;kaupat, Vuokrauspalvelut, Kiinteist&ouml;kehitys\",\"publisher\":{\"@id\":\"https:\/\/ecorum.fi\/#organization\"},\"potentialAction\":[{\"@type\":\"SearchAction\",\"target\":{\"@type\":\"EntryPoint\",\"urlTemplate\":\"https:\/\/ecorum.fi\/?s={search_term_string}\"},\"query-input\":\"required name=search_term_string\"}],\"inLanguage\":\"en-US\"},{\"@type\":\"Organization\",\"@id\":\"https:\/\/ecorum.fi\/#organization\",\"name\":\"Ecorum\",\"url\":\"https:\/\/ecorum.fi\/\",\"logo\":{\"@type\":\"ImageObject\",\"inLanguage\":\"en-US\",\"@id\":\"https:\/\/ecorum.fi\/#\/schema\/logo\/image\/\",\"url\":\"https:\/\/ecorum.fi\/wp-content\/uploads\/2020\/08\/ecorum_logo.svg\",\"contentUrl\":\"https:\/\/ecorum.fi\/wp-content\/uploads\/2020\/08\/ecorum_logo.svg\",\"caption\":\"Ecorum\"},\"image\":{\"@id\":\"https:\/\/ecorum.fi\/#\/schema\/logo\/image\/\"}},{\"@type\":\"Person\",\"@id\":\"https:\/\/ecorum.fi\/#\/schema\/person\/8ae9b6cb4dabc27b361a700ac8c1689b\",\"name\":\"ecorumadmin1\",\"sameAs\":[\"https:\/\/ecorum.fi\"],\"url\":\"https:\/\/ecorum.fi\/en\/author\/ecorumadmin1\/\"}]}<\/script>\n<!-- \/ Yoast SEO plugin. -->","yoast_head_json":{"title":"Alfred Kordelin Foundation relocates to Yrj\u00f6nkatu in Helsinki city centre, Ecorum led the project - Ecorum","robots":{"index":"index","follow":"follow","max-snippet":"max-snippet:-1","max-image-preview":"max-image-preview:large","max-video-preview":"max-video-preview:-1"},"canonical":"https:\/\/ecorum.fi\/en\/alfred-kordelin-foundation-relocates-to-yrjonkatu-in-helsinki-city-centre-ecorum-led-the-project\/","og_locale":"en_US","og_type":"article","og_title":"Alfred Kordelin Foundation relocates to Yrj\u00f6nkatu in Helsinki city centre, Ecorum led the project - Ecorum","og_description":"The Alfred Kordelin Foundation was founded in 1918 to promote and support Finnish science, literature, art and public education. During the last operating year, the total amount of the foundation\u2019s grants and awards was approximately 5.6 million euros. After a previously completed property transaction, the foundation had moved to temporary premises on T\u00f6\u00f6l\u00f6nkatu and was [&hellip;]","og_url":"https:\/\/ecorum.fi\/en\/alfred-kordelin-foundation-relocates-to-yrjonkatu-in-helsinki-city-centre-ecorum-led-the-project\/","og_site_name":"Ecorum","article_published_time":"2023-02-20T07:16:42+00:00","article_modified_time":"2024-06-18T19:48:15+00:00","og_image":[{"width":640,"height":427,"url":"https:\/\/ecorum.fi\/wp-content\/uploads\/2023\/02\/Diana-5.jpg","type":"image\/jpeg"}],"author":"ecorumadmin1","twitter_card":"summary_large_image","twitter_misc":{"Written by":"ecorumadmin1","Est. reading time":"2 minutes"},"schema":{"@context":"https:\/\/schema.org","@graph":[{"@type":"Article","@id":"https:\/\/ecorum.fi\/en\/alfred-kordelin-foundation-relocates-to-yrjonkatu-in-helsinki-city-centre-ecorum-led-the-project\/#article","isPartOf":{"@id":"https:\/\/ecorum.fi\/en\/alfred-kordelin-foundation-relocates-to-yrjonkatu-in-helsinki-city-centre-ecorum-led-the-project\/"},"author":{"name":"ecorumadmin1","@id":"https:\/\/ecorum.fi\/#\/schema\/person\/8ae9b6cb4dabc27b361a700ac8c1689b"},"headline":"Alfred Kordelin Foundation relocates to Yrj\u00f6nkatu in Helsinki city centre, Ecorum led the project","datePublished":"2023-02-20T07:16:42+00:00","dateModified":"2024-06-18T19:48:15+00:00","mainEntityOfPage":{"@id":"https:\/\/ecorum.fi\/en\/alfred-kordelin-foundation-relocates-to-yrjonkatu-in-helsinki-city-centre-ecorum-led-the-project\/"},"wordCount":190,"commentCount":0,"publisher":{"@id":"https:\/\/ecorum.fi\/#organization"},"image":{"@id":"https:\/\/ecorum.fi\/en\/alfred-kordelin-foundation-relocates-to-yrjonkatu-in-helsinki-city-centre-ecorum-led-the-project\/#primaryimage"},"thumbnailUrl":"https:\/\/ecorum.fi\/wp-content\/uploads\/2023\/02\/Diana-5.jpg","articleSection":["Ajankohtaista","Leasing services","News"],"inLanguage":"en-US","potentialAction":[{"@type":"CommentAction","name":"Comment","target":["https:\/\/ecorum.fi\/en\/alfred-kordelin-foundation-relocates-to-yrjonkatu-in-helsinki-city-centre-ecorum-led-the-project\/#respond"]}]},{"@type":"WebPage","@id":"https:\/\/ecorum.fi\/en\/alfred-kordelin-foundation-relocates-to-yrjonkatu-in-helsinki-city-centre-ecorum-led-the-project\/","url":"https:\/\/ecorum.fi\/en\/alfred-kordelin-foundation-relocates-to-yrjonkatu-in-helsinki-city-centre-ecorum-led-the-project\/","name":"Alfred Kordelin Foundation relocates to Yrj\u00f6nkatu in Helsinki city centre, Ecorum led the project - Ecorum","isPartOf":{"@id":"https:\/\/ecorum.fi\/#website"},"primaryImageOfPage":{"@id":"https:\/\/ecorum.fi\/en\/alfred-kordelin-foundation-relocates-to-yrjonkatu-in-helsinki-city-centre-ecorum-led-the-project\/#primaryimage"},"image":{"@id":"https:\/\/ecorum.fi\/en\/alfred-kordelin-foundation-relocates-to-yrjonkatu-in-helsinki-city-centre-ecorum-led-the-project\/#primaryimage"},"thumbnailUrl":"https:\/\/ecorum.fi\/wp-content\/uploads\/2023\/02\/Diana-5.jpg","datePublished":"2023-02-20T07:16:42+00:00","dateModified":"2024-06-18T19:48:15+00:00","breadcrumb":{"@id":"https:\/\/ecorum.fi\/en\/alfred-kordelin-foundation-relocates-to-yrjonkatu-in-helsinki-city-centre-ecorum-led-the-project\/#breadcrumb"},"inLanguage":"en-US","potentialAction":[{"@type":"ReadAction","target":["https:\/\/ecorum.fi\/en\/alfred-kordelin-foundation-relocates-to-yrjonkatu-in-helsinki-city-centre-ecorum-led-the-project\/"]}]},{"@type":"ImageObject","inLanguage":"en-US","@id":"https:\/\/ecorum.fi\/en\/alfred-kordelin-foundation-relocates-to-yrjonkatu-in-helsinki-city-centre-ecorum-led-the-project\/#primaryimage","url":"https:\/\/ecorum.fi\/wp-content\/uploads\/2023\/02\/Diana-5.jpg","contentUrl":"https:\/\/ecorum.fi\/wp-content\/uploads\/2023\/02\/Diana-5.jpg","width":640,"height":427},{"@type":"BreadcrumbList","@id":"https:\/\/ecorum.fi\/en\/alfred-kordelin-foundation-relocates-to-yrjonkatu-in-helsinki-city-centre-ecorum-led-the-project\/#breadcrumb","itemListElement":[{"@type":"ListItem","position":1,"name":"Home","item":"https:\/\/ecorum.fi\/"},{"@type":"ListItem","position":2,"name":"Alfred Kordelin Foundation relocates to Yrj\u00f6nkatu in Helsinki city centre, Ecorum led the project"}]},{"@type":"WebSite","@id":"https:\/\/ecorum.fi\/#website","url":"https:\/\/ecorum.fi\/","name":"Ecorum","description":"Kiinteist&ouml;kaupat, Vuokrauspalvelut, Kiinteist&ouml;kehitys","publisher":{"@id":"https:\/\/ecorum.fi\/#organization"},"potentialAction":[{"@type":"SearchAction","target":{"@type":"EntryPoint","urlTemplate":"https:\/\/ecorum.fi\/?s={search_term_string}"},"query-input":"required name=search_term_string"}],"inLanguage":"en-US"},{"@type":"Organization","@id":"https:\/\/ecorum.fi\/#organization","name":"Ecorum","url":"https:\/\/ecorum.fi\/","logo":{"@type":"ImageObject","inLanguage":"en-US","@id":"https:\/\/ecorum.fi\/#\/schema\/logo\/image\/","url":"https:\/\/ecorum.fi\/wp-content\/uploads\/2020\/08\/ecorum_logo.svg","contentUrl":"https:\/\/ecorum.fi\/wp-content\/uploads\/2020\/08\/ecorum_logo.svg","caption":"Ecorum"},"image":{"@id":"https:\/\/ecorum.fi\/#\/schema\/logo\/image\/"}},{"@type":"Person","@id":"https:\/\/ecorum.fi\/#\/schema\/person\/8ae9b6cb4dabc27b361a700ac8c1689b","name":"ecorumadmin1","sameAs":["https:\/\/ecorum.fi"],"url":"https:\/\/ecorum.fi\/en\/author\/ecorumadmin1\/"}]}},"_links":{"self":[{"href":"https:\/\/ecorum.fi\/en\/wp-json\/wp\/v2\/posts\/8918"}],"collection":[{"href":"https:\/\/ecorum.fi\/en\/wp-json\/wp\/v2\/posts"}],"about":[{"href":"https:\/\/ecorum.fi\/en\/wp-json\/wp\/v2\/types\/post"}],"author":[{"embeddable":true,"href":"https:\/\/ecorum.fi\/en\/wp-json\/wp\/v2\/users\/1"}],"replies":[{"embeddable":true,"href":"https:\/\/ecorum.fi\/en\/wp-json\/wp\/v2\/comments?post=8918"}],"version-history":[{"count":1,"href":"https:\/\/ecorum.fi\/en\/wp-json\/wp\/v2\/posts\/8918\/revisions"}],"predecessor-version":[{"id":11191,"href":"https:\/\/ecorum.fi\/en\/wp-json\/wp\/v2\/posts\/8918\/revisions\/11191"}],"wp:featuredmedia":[{"embeddable":true,"href":"https:\/\/ecorum.fi\/en\/wp-json\/wp\/v2\/media\/8524"}],"wp:attachment":[{"href":"https:\/\/ecorum.fi\/en\/wp-json\/wp\/v2\/media?parent=8918"}],"wp:term":[{"taxonomy":"category","embeddable":true,"href":"https:\/\/ecorum.fi\/en\/wp-json\/wp\/v2\/categories?post=8918"},{"taxonomy":"post_tag","embeddable":true,"href":"https:\/\/ecorum.fi\/en\/wp-json\/wp\/v2\/tags?post=8918"}],"curies":[{"name":"wp","href":"https:\/\/api.w.org\/{rel}","templated":true}]}}